{"id":2199,"date":"2023-12-08T07:10:00","date_gmt":"2023-12-08T07:10:00","guid":{"rendered":"http:\/\/onglwd.local\/?p=2199"},"modified":"2023-12-08T07:10:00","modified_gmt":"2023-12-08T07:10:00","slug":"appel-a-candidature-pour-la-formation-professionnelle-des-femmes-vulnerables-au-benin","status":"publish","type":"post","link":"https:\/\/onglwd.org\/index.php\/2023\/12\/08\/appel-a-candidature-pour-la-formation-professionnelle-des-femmes-vulnerables-au-benin\/","title":{"rendered":"Appel \u00e0 candidature pour la formation professionnelle des femmes vuln\u00e9rables au B\u00e9nin"},"content":{"rendered":"\t\t<div data-elementor-type=\"wp-post\" data-elementor-id=\"2199\" class=\"elementor elementor-2199\">\n\t\t\t\t<div class=\"elementor-element elementor-element-1bcfc1c8 e-flex e-con-boxed e-con e-parent\" data-id=\"1bcfc1c8\" data-element_type=\"container\" data-e-type=\"container\" data-settings=\"{&quot;background_background&quot;:&quot;classic&quot;}\">\n\t\t\t\t\t<div class=\"e-con-inner\">\n\t\t\t\t<div class=\"elementor-element elementor-element-50c01bd0 elementor-widget elementor-widget-text-editor\" data-id=\"50c01bd0\" data-element_type=\"widget\" data-e-type=\"widget\" data-widget_type=\"text-editor.default\">\n\t\t\t\t\t\t\t\t\t<p><\/p>\n<figure class=\"wp-block-image size-large\"><img decoding=\"async\" class=\"wp-image-2167\" src=\"http:\/\/onglwd.local\/wp-content\/uploads\/2025\/03\/APPEL-A-CANDIDATURE-PROJET-DAPPUI-A-LA-FORMATION-PROFESSIONNELLE-ONG-LWDOIF-1024x768.webp\" alt=\"APPEL \u00c0 CANDIDATURE PROJET D'APPUI \u00c0 LA FORMATION PROFESSIONNELLE ONG LWDOIF\"><\/figure><p><\/p>\t\t\t\t\t\t\t\t<\/div>\n\t\t\t\t\t<\/div>\n\t\t\t\t<\/div>\n\t\t<div class=\"elementor-element elementor-element-59f48b0 e-flex e-con-boxed e-con e-parent\" data-id=\"59f48b0\" data-element_type=\"container\" data-e-type=\"container\">\n\t\t\t\t\t<div class=\"e-con-inner\">\n\t\t\t\t<div class=\"elementor-element elementor-element-b3927ee elementor-widget elementor-widget-text-editor\" data-id=\"b3927ee\" data-element_type=\"widget\" data-e-type=\"widget\" data-widget_type=\"text-editor.default\">\n\t\t\t\t\t\t\t\t\t<h2>Pr\u00e9sentation du projet<\/h2>\n<p>L&rsquo;ONG THE LIGHT OF THE WORLD FOR THE DEVELOPMENT (LWD), en partenariat avec l&rsquo;Organisation Internationale de la Francophonie (OIF) \u00e0 travers le financement du fonds de solidarit\u00e9 \u00ab LA FRANCOPHONIE AVEC ELLES \u00bb, lance un appel \u00e0 candidatures pour son projet d&rsquo;appui \u00e0 la formation professionnelle \u00e0 Glo-Djigb\u00e9 (Abomey-Calavi, B\u00e9nin).<\/p>\n<p>Ce projet vise l&rsquo;autonomisation des jeunes filles et femmes vuln\u00e9rables \u00e0 travers des formations en :<\/p>\n<ul>\n<li>Cuisine-restauration<\/li>\n<li>Transformation agro-alimentaire<\/li>\n<li>Fabrication d&#8217;emballages \u00e9cologiques biod\u00e9gradables<\/li>\n<\/ul>\n<h2>Postes \u00e0 pourvoir<\/h2>\n<p>Notre ONG recherche 8 femmes talentueuses, engag\u00e9es et innovantes pour rejoindre notre \u00e9quipe dynamique. Les postes suivants sont ouverts aux candidatures :<\/p>\n<ol>\n<li>\n<p><strong>Charg\u00e9e du projet<\/strong> &#8211; <a href=\"http:\/\/onglwd.local\/wp-content\/uploads\/2025\/03\/TDR-ONG-LWD-APPEL-A-CANDIDATURE-1-1.pdf\" target=\"_blank\" rel=\"noopener\">T\u00e9l\u00e9charger le TDR<\/a> | <a href=\"http:\/\/onglwd.local\/wp-content\/uploads\/2025\/03\/ONG-LWD-chargee-de-projet.webp\" target=\"_blank\" rel=\"noopener\">Voir l&rsquo;affiche<\/a><\/p>\n<\/li>\n<li>\n<p><strong>Comptable<\/strong> &#8211; <a href=\"http:\/\/onglwd.local\/wp-content\/uploads\/2025\/03\/TDR-ONG-LWD-APPEL-A-CANDIDATURE-1-1.pdf\" target=\"_blank\" rel=\"noopener\">T\u00e9l\u00e9charger le TDR<\/a> | <a href=\"http:\/\/onglwd.local\/wp-content\/uploads\/2025\/03\/ONG-LWD-OIF-comptable.webp\" target=\"_blank\" rel=\"noopener\">Voir l&rsquo;affiche<\/a><\/p>\n<\/li>\n<li>\n<p><strong>Formatrice en cuisine-restauration<\/strong> &#8211; <a href=\"http:\/\/onglwd.local\/wp-content\/uploads\/2025\/03\/TDR-ONG-LWD-APPEL-A-CANDIDATURE-1-1.pdf\" target=\"_blank\" rel=\"noopener\">T\u00e9l\u00e9charger le TDR<\/a> | <a href=\"http:\/\/onglwd.local\/wp-content\/uploads\/2025\/03\/cuisine-restauration.webp\" target=\"_blank\" rel=\"noopener\">Voir l&rsquo;affiche<\/a><\/p>\n<\/li>\n<li>\n<p><strong>Formatrice en transformation agro-alimentaire et fabrication des emballages biod\u00e9gradables<\/strong> &#8211; <a href=\"http:\/\/onglwd.local\/wp-content\/uploads\/2025\/03\/TDR-ONG-LWD-APPEL-A-CANDIDATURE-1-1.pdf\" target=\"_blank\" rel=\"noopener\">T\u00e9l\u00e9charger le TDR<\/a> | <a href=\"http:\/\/onglwd.local\/wp-content\/uploads\/2025\/03\/ONG-LWD-OIF-agro-emallagesbio-degradables.webp\" target=\"_blank\" rel=\"noopener\">Voir l&rsquo;affiche<\/a><\/p>\n<\/li>\n<li>\n<p><strong>Coach formatrice en entrepreneuriat et leadership f\u00e9minin<\/strong> &#8211; <a href=\"http:\/\/onglwd.local\/wp-content\/uploads\/2025\/03\/TDR-ONG-LWD-APPEL-A-CANDIDATURE-1-1.pdf\" target=\"_blank\" rel=\"noopener\">T\u00e9l\u00e9charger le TDR<\/a> | <a href=\"http:\/\/onglwd.local\/wp-content\/uploads\/2025\/03\/ONG-LWD-OIF-leadership-feminin-coach-formatrice.webp\" target=\"_blank\" rel=\"noopener\">Voir l&rsquo;affiche<\/a><\/p>\n<\/li>\n<li>\n<p><strong>Coach formatrice sur l&rsquo;\u00e9galit\u00e9 des sexes et les droits de la femme<\/strong> &#8211; <a href=\"http:\/\/onglwd.local\/wp-content\/uploads\/2025\/03\/TDR-ONG-LWD-APPEL-A-CANDIDATURE-1-1.pdf\" target=\"_blank\" rel=\"noopener\">T\u00e9l\u00e9charger le TDR<\/a> | <a href=\"http:\/\/onglwd.local\/wp-content\/uploads\/2025\/03\/ONG-LWD-OIF-egalite-des-sexes-et-droits.webp\" target=\"_blank\" rel=\"noopener\">Voir l&rsquo;affiche<\/a><\/p>\n<\/li>\n<li>\n<p><strong>Coach formatrice en marketing, vente et fid\u00e9lisation des clients<\/strong> &#8211; <a href=\"http:\/\/onglwd.local\/wp-content\/uploads\/2025\/03\/TDR-ONG-LWD-APPEL-A-CANDIDATURE-1-1.pdf\" target=\"_blank\" rel=\"noopener\">T\u00e9l\u00e9charger le TDR<\/a> | <a href=\"http:\/\/onglwd.local\/wp-content\/uploads\/2025\/03\/ONG-LWD-OIF-marketing-vente.webp\" target=\"_blank\" rel=\"noopener\">Voir l&rsquo;affiche<\/a><\/p>\n<\/li>\n<li>\n<p><strong>Coach formatrice en motivation et gestion de la caisse<\/strong> &#8211; <a href=\"http:\/\/onglwd.local\/wp-content\/uploads\/2025\/03\/TDR-ONG-LWD-APPEL-A-CANDIDATURE-1-1.pdf\" target=\"_blank\" rel=\"noopener\">T\u00e9l\u00e9charger le TDR<\/a> | <a href=\"http:\/\/onglwd.local\/wp-content\/uploads\/2025\/03\/ONG-LWD-OIF-motivation-gestion-caisse.jpg\" target=\"_blank\" rel=\"noopener\">Voir l&rsquo;affiche<\/a><\/p>\n<\/li>\n<\/ol>\n<h2>Modalit\u00e9s de candidature<\/h2>\n<p>Les candidates int\u00e9ress\u00e9es sont invit\u00e9es \u00e0 soumettre leur dossier de candidature complet comprenant :<\/p>\n<ul>\n<li>CV d\u00e9taill\u00e9 et actualis\u00e9<\/li>\n<li>Lettre de motivation adress\u00e9e au Directeur Ex\u00e9cutif de l&rsquo;ONG LWD<\/li>\n<li>Copies des dipl\u00f4mes et attestations pertinents<\/li>\n<li>R\u00e9f\u00e9rences professionnelles<\/li>\n<\/ul>\n<p><strong>Soumission des candidatures :<\/strong><\/p>\n<ul>\n<li>Par email \u00e0 <a href=\"mailto:info@onglwd.local\" target=\"_blank\" rel=\"noopener\">info@onglwd.local<\/a> ou <a href=\"mailto:onglwd2006@gmail.com\" target=\"_blank\" rel=\"noopener\">onglwd2006@gmail.com<\/a> avec l&rsquo;objet \u00ab\u00a0Candidature (Nom du poste) &#8211; Projet OIF\u00a0\u00bb<\/li>\n<li>En personne au si\u00e8ge de l&rsquo;ONG LWD (adresse disponible sur notre site web)<\/li>\n<\/ul>\n<h2>Politique d&rsquo;inclusion<\/h2>\n<p>Nous encourageons vivement les candidatures de femmes issues de divers horizons, y compris celles provenant de communaut\u00e9s marginalis\u00e9es et les personnes vivant avec un handicap.<\/p>\n<h2>Informations compl\u00e9mentaires<\/h2>\n<ul>\n<li><strong>Site web :<\/strong> <a href=\"http:\/\/onglwd.local\/\" target=\"_blank\" rel=\"noopener\">www.onglwd.org<\/a><\/li>\n<li><strong>Contact :<\/strong> <a href=\"mailto:info@onglwd.local\" target=\"_blank\" rel=\"noopener\">info@onglwd.local<\/a> \/ <a href=\"mailto:onglwd2006@gmail.com\" target=\"_blank\" rel=\"noopener\">onglwd2006@gmail.com<\/a><\/li>\n<li><strong>WhatsApp :<\/strong> +229 66 77 67 00<\/li>\n<\/ul>\n<hr \/>\n<p><em>Rejoignez-nous dans notre mission de transformer des vies et de construire un avenir meilleur pour les femmes vuln\u00e9rables au B\u00e9nin. Ensemble, nous pouvons faire la diff\u00e9rence.<\/em><\/p>\n<p><em>Ce projet est soutenu par l&rsquo;Organisation Internationale de la Francophonie \u00e0 travers le fonds \u00ab LA FRANCOPHONIE AVEC ELLES \u00bb.<\/em><\/p>\n<p>\u00a0<\/p>\n<p><strong>Date de publication :<\/strong> D\u00e9cembre 2023<br \/><strong>Date limite de candidature :<\/strong> 8 janvier 2024<br \/><strong>D\u00e9but des missions :<\/strong> 23 janvier 2024<\/p>\t\t\t\t\t\t\t\t<\/div>\n\t\t\t\t\t<\/div>\n\t\t\t\t<\/div>\n\t\t\t\t<\/div>\n\t\t","protected":false},"excerpt":{"rendered":"<p>\u00ab LA FRANCOPHONIE AVEC ELLES \u00bb, lance un appel \u00e0 candidatures pour son projet d&rsquo;appui \u00e0 la formation professionnelle<\/p>\n","protected":false},"author":1,"featured_media":2167,"comment_status":"open","ping_status":"open","sticky":false,"template":"","format":"standard","meta":{"site-sidebar-layout":"default","site-content-layout":"","ast-site-content-layout":"default","site-content-style":"default","site-sidebar-style":"default","ast-global-header-display":"","ast-banner-title-visibility":"","ast-main-header-display":"","ast-hfb-above-header-display":"","ast-hfb-below-header-display":"","ast-hfb-mobile-header-display":"","site-post-title":"","ast-breadcrumbs-content":"","ast-featured-img":"","footer-sml-layout":"","ast-disable-related-posts":"","theme-transparent-header-meta":"","adv-header-id-meta":"","stick-header-meta":"","header-above-stick-meta":"","header-main-stick-meta":"","header-below-stick-meta":"","astra-migrate-meta-layouts":"default","ast-page-background-enabled":"default","ast-page-background-meta":{"desktop":{"background-color":"var(--ast-global-color-5)","background-image":"","background-repeat":"repeat","background-position":"center center","background-size":"auto","background-attachment":"scroll","background-type":"","background-media":"","overlay-type":"","overlay-color":"","overlay-opacity":"","overlay-gradient":""},"tablet":{"background-color":"","background-image":"","background-repeat":"repeat","background-position":"center center","background-size":"auto","background-attachment":"scroll","background-type":"","background-media":"","overlay-type":"","overlay-color":"","overlay-opacity":"","overlay-gradient":""},"mobile":{"background-color":"","background-image":"","background-repeat":"repeat","background-position":"center center","background-size":"auto","background-attachment":"scroll","background-type":"","background-media":"","overlay-type":"","overlay-color":"","overlay-opacity":"","overlay-gradient":""}},"ast-content-background-meta":{"desktop":{"background-color":"var(--ast-global-color-4)","background-image":"","background-repeat":"repeat","background-position":"center center","background-size":"auto","background-attachment":"scroll","background-type":"","background-media":"","overlay-type":"","overlay-color":"","overlay-opacity":"","overlay-gradient":""},"tablet":{"background-color":"var(--ast-global-color-4)","background-image":"","background-repeat":"repeat","background-position":"center center","background-size":"auto","background-attachment":"scroll","background-type":"","background-media":"","overlay-type":"","overlay-color":"","overlay-opacity":"","overlay-gradient":""},"mobile":{"background-color":"var(--ast-global-color-4)","background-image":"","background-repeat":"repeat","background-position":"center center","background-size":"auto","background-attachment":"scroll","background-type":"","background-media":"","overlay-type":"","overlay-color":"","overlay-opacity":"","overlay-gradient":""}},"footnotes":""},"categories":[2],"tags":[5,16],"class_list":["post-2199","post","type-post","status-publish","format-standard","has-post-thumbnail","hentry","category-annonces","tag-appel-a-candiature","tag-formation-professionnelle"],"_links":{"self":[{"href":"https:\/\/onglwd.org\/index.php\/wp-json\/wp\/v2\/posts\/2199","targetHints":{"allow":["GET"]}}],"collection":[{"href":"https:\/\/onglwd.org\/index.php\/wp-json\/wp\/v2\/posts"}],"about":[{"href":"https:\/\/onglwd.org\/index.php\/wp-json\/wp\/v2\/types\/post"}],"author":[{"embeddable":true,"href":"https:\/\/onglwd.org\/index.php\/wp-json\/wp\/v2\/users\/1"}],"replies":[{"embeddable":true,"href":"https:\/\/onglwd.org\/index.php\/wp-json\/wp\/v2\/comments?post=2199"}],"version-history":[{"count":0,"href":"https:\/\/onglwd.org\/index.php\/wp-json\/wp\/v2\/posts\/2199\/revisions"}],"wp:attachment":[{"href":"https:\/\/onglwd.org\/index.php\/wp-json\/wp\/v2\/media?parent=2199"}],"wp:term":[{"taxonomy":"category","embeddable":true,"href":"https:\/\/onglwd.org\/index.php\/wp-json\/wp\/v2\/categories?post=2199"},{"taxonomy":"post_tag","embeddable":true,"href":"https:\/\/onglwd.org\/index.php\/wp-json\/wp\/v2\/tags?post=2199"}],"curies":[{"name":"wp","href":"https:\/\/api.w.org\/{rel}","templated":true}]}}